{"id":1105,"date":"2025-10-20T08:57:38","date_gmt":"2025-10-20T08:57:38","guid":{"rendered":"https:\/\/personal-music.com\/?p=1105"},"modified":"2025-10-20T09:33:58","modified_gmt":"2025-10-20T09:33:58","slug":"le-present-et-lavenir-du-commerce-de-detail-sont-sensoriels","status":"publish","type":"post","link":"https:\/\/personal-music.com\/fr\/2025\/10\/20\/le-present-et-lavenir-du-commerce-de-detail-sont-sensoriels\/","title":{"rendered":"Le pr\u00e9sent et l&rsquo;avenir du commerce de d\u00e9tail sont sensoriels."},"content":{"rendered":"\n<p>Aujourd&rsquo;hui, les consommateurs recherchent des exp\u00e9riences en point de vente, et pas seulement des achats. Par cons\u00e9quent, le marketing audio, l&rsquo;affichage dynamique et les strat\u00e9gies de marketing olfactif sont aujourd&rsquo;hui essentiels pour toute entreprise souhaitant se d\u00e9marquer dans le secteur du retail.<\/p>\n\n<p>Le marketing sensoriel n&rsquo;est pas une mode, mais une strat\u00e9gie de diff\u00e9renciation et de fid\u00e9lisation qui am\u00e9liore la perception client, renforce l&rsquo;image de marque et augmente les ventes.<\/p>\n\n<p>Investir dans le marketing sensoriel, c&rsquo;est investir dans l&rsquo;avenir du retail et de l&rsquo;exp\u00e9rience client.<\/p>\n\n<p>Dans un environnement concurrentiel croissant, les magasins physiques doivent offrir bien plus que des produits : ils doivent cr\u00e9er des exp\u00e9riences client m\u00e9morables. C&rsquo;est l\u00e0 qu&rsquo;intervient le marketing sensoriel de Personal Music, une strat\u00e9gie qui combine le marketing audio, l&rsquo;affichage dynamique et le marketing olfactif pour connecter les consommateurs par les sens.<\/p>\n\n<p>Ces outils am\u00e9liorent non seulement l&rsquo;exp\u00e9rience en point de vente, mais renforcent \u00e9galement l&rsquo;identit\u00e9 de marque, augmentent la dur\u00e9e de visite en magasin et favorisent la fid\u00e9lit\u00e9. En bref, ils repr\u00e9sentent le pr\u00e9sent et l&rsquo;avenir du commerce de d\u00e9tail.<\/p>\n\n<p><\/p>\n","protected":false},"excerpt":{"rendered":"<p>Aujourd&rsquo;hui, les consommateurs recherchent des exp\u00e9riences en point de vente, et pas<a class=\"blog-post-excerpt-more\" href=\"https:\/\/personal-music.com\/fr\/2025\/10\/20\/le-present-et-lavenir-du-commerce-de-detail-sont-sensoriels\/\" rel=\"bookmark\"><i class=\"fa fa-angle-double-right\"><\/i><\/a><\/p>\n","protected":false},"author":1,"featured_media":1098,"comment_status":"closed","ping_status":"open","sticky":false,"template":"","format":"standard","meta":{"footnotes":""},"categories":[20],"tags":[],"class_list":["post-1105","post","type-post","status-publish","format-standard","has-post-thumbnail","hentry","category-non-classifiee"],"yoast_head":"<!-- This site is optimized with the Yoast SEO plugin v27.3 - https:\/\/yoast.com\/product\/yoast-seo-wordpress\/ -->\n<title>Le pr\u00e9sent et l&#039;avenir du commerce de d\u00e9tail sont sensoriels. - Personal Music<\/title>\n<meta name=\"description\" content=\"Le marketing audio, l&#039;affichage dynamique et les strat\u00e9gies de marketing olfactif sont aujourd&#039;hui essentiels pour se d\u00e9marquer dans le secteur du retail.\" \/>\n<meta name=\"robots\" content=\"index, follow, max-snippet:-1, max-image-preview:large, max-video-preview:-1\" \/>\n<link rel=\"canonical\" href=\"https:\/\/personal-music.com\/fr\/2025\/10\/20\/le-present-et-lavenir-du-commerce-de-detail-sont-sensoriels\/\" \/>\n<meta property=\"og:locale\" content=\"fr_FR\" \/>\n<meta property=\"og:type\" content=\"article\" \/>\n<meta property=\"og:title\" content=\"Le pr\u00e9sent et l&#039;avenir du commerce de d\u00e9tail sont sensoriels. - Personal Music\" \/>\n<meta property=\"og:description\" content=\"Le marketing audio, l&#039;affichage dynamique et les strat\u00e9gies de marketing olfactif sont aujourd&#039;hui essentiels pour se d\u00e9marquer dans le secteur du retail.\" \/>\n<meta property=\"og:url\" content=\"https:\/\/personal-music.com\/fr\/2025\/10\/20\/le-present-et-lavenir-du-commerce-de-detail-sont-sensoriels\/\" \/>\n<meta property=\"og:site_name\" content=\"Personal Music\" \/>\n<meta property=\"article:published_time\" content=\"2025-10-20T08:57:38+00:00\" \/>\n<meta property=\"article:modified_time\" content=\"2025-10-20T09:33:58+00:00\" \/>\n<meta property=\"og:image\" content=\"https:\/\/personal-music.com\/wp-content\/uploads\/2025\/10\/El-presente-y-futuro-del-retail-es-sensorial-1024x683.png\" \/>\n\t<meta property=\"og:image:width\" content=\"1024\" \/>\n\t<meta property=\"og:image:height\" content=\"683\" \/>\n\t<meta property=\"og:image:type\" content=\"image\/png\" \/>\n<meta name=\"author\" content=\"albert_personalmusic\" \/>\n<meta name=\"twitter:card\" content=\"summary_large_image\" \/>\n<meta name=\"twitter:label1\" content=\"\u00c9crit par\" \/>\n\t<meta name=\"twitter:data1\" content=\"albert_personalmusic\" \/>\n\t<meta name=\"twitter:label2\" content=\"Dur\u00e9e de lecture estim\u00e9e\" \/>\n\t<meta name=\"twitter:data2\" content=\"2 minutes\" \/>\n<script type=\"application\/ld+json\" class=\"yoast-schema-graph\">{\"@context\":\"https:\\\/\\\/schema.org\",\"@graph\":[{\"@type\":\"Article\",\"@id\":\"https:\\\/\\\/personal-music.com\\\/fr\\\/2025\\\/10\\\/20\\\/le-present-et-lavenir-du-commerce-de-detail-sont-sensoriels\\\/#article\",\"isPartOf\":{\"@id\":\"https:\\\/\\\/personal-music.com\\\/fr\\\/2025\\\/10\\\/20\\\/le-present-et-lavenir-du-commerce-de-detail-sont-sensoriels\\\/\"},\"author\":{\"name\":\"albert_personalmusic\",\"@id\":\"https:\\\/\\\/personal-music.com\\\/#\\\/schema\\\/person\\\/f13f990453db8877f42df4fb30d688ec\"},\"headline\":\"Le pr\u00e9sent et l&rsquo;avenir du commerce de d\u00e9tail sont sensoriels.\",\"datePublished\":\"2025-10-20T08:57:38+00:00\",\"dateModified\":\"2025-10-20T09:33:58+00:00\",\"mainEntityOfPage\":{\"@id\":\"https:\\\/\\\/personal-music.com\\\/fr\\\/2025\\\/10\\\/20\\\/le-present-et-lavenir-du-commerce-de-detail-sont-sensoriels\\\/\"},\"wordCount\":222,\"publisher\":{\"@id\":\"https:\\\/\\\/personal-music.com\\\/#organization\"},\"image\":{\"@id\":\"https:\\\/\\\/personal-music.com\\\/fr\\\/2025\\\/10\\\/20\\\/le-present-et-lavenir-du-commerce-de-detail-sont-sensoriels\\\/#primaryimage\"},\"thumbnailUrl\":\"https:\\\/\\\/personal-music.com\\\/wp-content\\\/uploads\\\/2025\\\/10\\\/El-presente-y-futuro-del-retail-es-sensorial.png\",\"articleSection\":[\"Non classifi\u00e9(e)\"],\"inLanguage\":\"fr-FR\"},{\"@type\":\"WebPage\",\"@id\":\"https:\\\/\\\/personal-music.com\\\/fr\\\/2025\\\/10\\\/20\\\/le-present-et-lavenir-du-commerce-de-detail-sont-sensoriels\\\/\",\"url\":\"https:\\\/\\\/personal-music.com\\\/fr\\\/2025\\\/10\\\/20\\\/le-present-et-lavenir-du-commerce-de-detail-sont-sensoriels\\\/\",\"name\":\"Le pr\u00e9sent et l'avenir du commerce de d\u00e9tail sont sensoriels. - Personal Music\",\"isPartOf\":{\"@id\":\"https:\\\/\\\/personal-music.com\\\/#website\"},\"primaryImageOfPage\":{\"@id\":\"https:\\\/\\\/personal-music.com\\\/fr\\\/2025\\\/10\\\/20\\\/le-present-et-lavenir-du-commerce-de-detail-sont-sensoriels\\\/#primaryimage\"},\"image\":{\"@id\":\"https:\\\/\\\/personal-music.com\\\/fr\\\/2025\\\/10\\\/20\\\/le-present-et-lavenir-du-commerce-de-detail-sont-sensoriels\\\/#primaryimage\"},\"thumbnailUrl\":\"https:\\\/\\\/personal-music.com\\\/wp-content\\\/uploads\\\/2025\\\/10\\\/El-presente-y-futuro-del-retail-es-sensorial.png\",\"datePublished\":\"2025-10-20T08:57:38+00:00\",\"dateModified\":\"2025-10-20T09:33:58+00:00\",\"description\":\"Le marketing audio, l'affichage dynamique et les strat\u00e9gies de marketing olfactif sont aujourd'hui essentiels pour se d\u00e9marquer dans le secteur du retail.\",\"breadcrumb\":{\"@id\":\"https:\\\/\\\/personal-music.com\\\/fr\\\/2025\\\/10\\\/20\\\/le-present-et-lavenir-du-commerce-de-detail-sont-sensoriels\\\/#breadcrumb\"},\"inLanguage\":\"fr-FR\",\"potentialAction\":[{\"@type\":\"ReadAction\",\"target\":[\"https:\\\/\\\/personal-music.com\\\/fr\\\/2025\\\/10\\\/20\\\/le-present-et-lavenir-du-commerce-de-detail-sont-sensoriels\\\/\"]}]},{\"@type\":\"ImageObject\",\"inLanguage\":\"fr-FR\",\"@id\":\"https:\\\/\\\/personal-music.com\\\/fr\\\/2025\\\/10\\\/20\\\/le-present-et-lavenir-du-commerce-de-detail-sont-sensoriels\\\/#primaryimage\",\"url\":\"https:\\\/\\\/personal-music.com\\\/wp-content\\\/uploads\\\/2025\\\/10\\\/El-presente-y-futuro-del-retail-es-sensorial.png\",\"contentUrl\":\"https:\\\/\\\/personal-music.com\\\/wp-content\\\/uploads\\\/2025\\\/10\\\/El-presente-y-futuro-del-retail-es-sensorial.png\",\"width\":1536,\"height\":1024},{\"@type\":\"BreadcrumbList\",\"@id\":\"https:\\\/\\\/personal-music.com\\\/fr\\\/2025\\\/10\\\/20\\\/le-present-et-lavenir-du-commerce-de-detail-sont-sensoriels\\\/#breadcrumb\",\"itemListElement\":[{\"@type\":\"ListItem\",\"position\":1,\"name\":\"Portada\",\"item\":\"https:\\\/\\\/personal-music.com\\\/fr\\\/accueil\\\/\"},{\"@type\":\"ListItem\",\"position\":2,\"name\":\"Le pr\u00e9sent et l&#8217;avenir du commerce de d\u00e9tail sont sensoriels.\"}]},{\"@type\":\"WebSite\",\"@id\":\"https:\\\/\\\/personal-music.com\\\/#website\",\"url\":\"https:\\\/\\\/personal-music.com\\\/\",\"name\":\"Personal Music\",\"description\":\"MUSIC MARKETING SERVICE\",\"publisher\":{\"@id\":\"https:\\\/\\\/personal-music.com\\\/#organization\"},\"potentialAction\":[{\"@type\":\"SearchAction\",\"target\":{\"@type\":\"EntryPoint\",\"urlTemplate\":\"https:\\\/\\\/personal-music.com\\\/?s={search_term_string}\"},\"query-input\":{\"@type\":\"PropertyValueSpecification\",\"valueRequired\":true,\"valueName\":\"search_term_string\"}}],\"inLanguage\":\"fr-FR\"},{\"@type\":\"Organization\",\"@id\":\"https:\\\/\\\/personal-music.com\\\/#organization\",\"name\":\"Personal Music\",\"url\":\"https:\\\/\\\/personal-music.com\\\/\",\"logo\":{\"@type\":\"ImageObject\",\"inLanguage\":\"fr-FR\",\"@id\":\"https:\\\/\\\/personal-music.com\\\/#\\\/schema\\\/logo\\\/image\\\/\",\"url\":\"https:\\\/\\\/personal-music.com\\\/wp-content\\\/uploads\\\/2022\\\/02\\\/big_icon.jpeg\",\"contentUrl\":\"https:\\\/\\\/personal-music.com\\\/wp-content\\\/uploads\\\/2022\\\/02\\\/big_icon.jpeg\",\"width\":512,\"height\":512,\"caption\":\"Personal Music\"},\"image\":{\"@id\":\"https:\\\/\\\/personal-music.com\\\/#\\\/schema\\\/logo\\\/image\\\/\"}},{\"@type\":\"Person\",\"@id\":\"https:\\\/\\\/personal-music.com\\\/#\\\/schema\\\/person\\\/f13f990453db8877f42df4fb30d688ec\",\"name\":\"albert_personalmusic\",\"image\":{\"@type\":\"ImageObject\",\"inLanguage\":\"fr-FR\",\"@id\":\"https:\\\/\\\/secure.gravatar.com\\\/avatar\\\/f9724f316b0b69b4ebcd5d4df5c29ec2e1a7b59082cf19664e24cccc1fda2347?s=96&d=mm&r=g\",\"url\":\"https:\\\/\\\/secure.gravatar.com\\\/avatar\\\/f9724f316b0b69b4ebcd5d4df5c29ec2e1a7b59082cf19664e24cccc1fda2347?s=96&d=mm&r=g\",\"contentUrl\":\"https:\\\/\\\/secure.gravatar.com\\\/avatar\\\/f9724f316b0b69b4ebcd5d4df5c29ec2e1a7b59082cf19664e24cccc1fda2347?s=96&d=mm&r=g\",\"caption\":\"albert_personalmusic\"},\"sameAs\":[\"https:\\\/\\\/personal-music.com\"],\"url\":\"https:\\\/\\\/personal-music.com\\\/fr\\\/author\\\/albert_personalmusic\\\/\"}]}<\/script>\n<!-- \/ Yoast SEO plugin. -->","yoast_head_json":{"title":"Le pr\u00e9sent et l'avenir du commerce de d\u00e9tail sont sensoriels. - Personal Music","description":"Le marketing audio, l'affichage dynamique et les strat\u00e9gies de marketing olfactif sont aujourd'hui essentiels pour se d\u00e9marquer dans le secteur du retail.","robots":{"index":"index","follow":"follow","max-snippet":"max-snippet:-1","max-image-preview":"max-image-preview:large","max-video-preview":"max-video-preview:-1"},"canonical":"https:\/\/personal-music.com\/fr\/2025\/10\/20\/le-present-et-lavenir-du-commerce-de-detail-sont-sensoriels\/","og_locale":"fr_FR","og_type":"article","og_title":"Le pr\u00e9sent et l'avenir du commerce de d\u00e9tail sont sensoriels. - Personal Music","og_description":"Le marketing audio, l'affichage dynamique et les strat\u00e9gies de marketing olfactif sont aujourd'hui essentiels pour se d\u00e9marquer dans le secteur du retail.","og_url":"https:\/\/personal-music.com\/fr\/2025\/10\/20\/le-present-et-lavenir-du-commerce-de-detail-sont-sensoriels\/","og_site_name":"Personal Music","article_published_time":"2025-10-20T08:57:38+00:00","article_modified_time":"2025-10-20T09:33:58+00:00","og_image":[{"width":1024,"height":683,"url":"https:\/\/personal-music.com\/wp-content\/uploads\/2025\/10\/El-presente-y-futuro-del-retail-es-sensorial-1024x683.png","type":"image\/png"}],"author":"albert_personalmusic","twitter_card":"summary_large_image","twitter_misc":{"\u00c9crit par":"albert_personalmusic","Dur\u00e9e de lecture estim\u00e9e":"2 minutes"},"schema":{"@context":"https:\/\/schema.org","@graph":[{"@type":"Article","@id":"https:\/\/personal-music.com\/fr\/2025\/10\/20\/le-present-et-lavenir-du-commerce-de-detail-sont-sensoriels\/#article","isPartOf":{"@id":"https:\/\/personal-music.com\/fr\/2025\/10\/20\/le-present-et-lavenir-du-commerce-de-detail-sont-sensoriels\/"},"author":{"name":"albert_personalmusic","@id":"https:\/\/personal-music.com\/#\/schema\/person\/f13f990453db8877f42df4fb30d688ec"},"headline":"Le pr\u00e9sent et l&rsquo;avenir du commerce de d\u00e9tail sont sensoriels.","datePublished":"2025-10-20T08:57:38+00:00","dateModified":"2025-10-20T09:33:58+00:00","mainEntityOfPage":{"@id":"https:\/\/personal-music.com\/fr\/2025\/10\/20\/le-present-et-lavenir-du-commerce-de-detail-sont-sensoriels\/"},"wordCount":222,"publisher":{"@id":"https:\/\/personal-music.com\/#organization"},"image":{"@id":"https:\/\/personal-music.com\/fr\/2025\/10\/20\/le-present-et-lavenir-du-commerce-de-detail-sont-sensoriels\/#primaryimage"},"thumbnailUrl":"https:\/\/personal-music.com\/wp-content\/uploads\/2025\/10\/El-presente-y-futuro-del-retail-es-sensorial.png","articleSection":["Non classifi\u00e9(e)"],"inLanguage":"fr-FR"},{"@type":"WebPage","@id":"https:\/\/personal-music.com\/fr\/2025\/10\/20\/le-present-et-lavenir-du-commerce-de-detail-sont-sensoriels\/","url":"https:\/\/personal-music.com\/fr\/2025\/10\/20\/le-present-et-lavenir-du-commerce-de-detail-sont-sensoriels\/","name":"Le pr\u00e9sent et l'avenir du commerce de d\u00e9tail sont sensoriels. - Personal Music","isPartOf":{"@id":"https:\/\/personal-music.com\/#website"},"primaryImageOfPage":{"@id":"https:\/\/personal-music.com\/fr\/2025\/10\/20\/le-present-et-lavenir-du-commerce-de-detail-sont-sensoriels\/#primaryimage"},"image":{"@id":"https:\/\/personal-music.com\/fr\/2025\/10\/20\/le-present-et-lavenir-du-commerce-de-detail-sont-sensoriels\/#primaryimage"},"thumbnailUrl":"https:\/\/personal-music.com\/wp-content\/uploads\/2025\/10\/El-presente-y-futuro-del-retail-es-sensorial.png","datePublished":"2025-10-20T08:57:38+00:00","dateModified":"2025-10-20T09:33:58+00:00","description":"Le marketing audio, l'affichage dynamique et les strat\u00e9gies de marketing olfactif sont aujourd'hui essentiels pour se d\u00e9marquer dans le secteur du retail.","breadcrumb":{"@id":"https:\/\/personal-music.com\/fr\/2025\/10\/20\/le-present-et-lavenir-du-commerce-de-detail-sont-sensoriels\/#breadcrumb"},"inLanguage":"fr-FR","potentialAction":[{"@type":"ReadAction","target":["https:\/\/personal-music.com\/fr\/2025\/10\/20\/le-present-et-lavenir-du-commerce-de-detail-sont-sensoriels\/"]}]},{"@type":"ImageObject","inLanguage":"fr-FR","@id":"https:\/\/personal-music.com\/fr\/2025\/10\/20\/le-present-et-lavenir-du-commerce-de-detail-sont-sensoriels\/#primaryimage","url":"https:\/\/personal-music.com\/wp-content\/uploads\/2025\/10\/El-presente-y-futuro-del-retail-es-sensorial.png","contentUrl":"https:\/\/personal-music.com\/wp-content\/uploads\/2025\/10\/El-presente-y-futuro-del-retail-es-sensorial.png","width":1536,"height":1024},{"@type":"BreadcrumbList","@id":"https:\/\/personal-music.com\/fr\/2025\/10\/20\/le-present-et-lavenir-du-commerce-de-detail-sont-sensoriels\/#breadcrumb","itemListElement":[{"@type":"ListItem","position":1,"name":"Portada","item":"https:\/\/personal-music.com\/fr\/accueil\/"},{"@type":"ListItem","position":2,"name":"Le pr\u00e9sent et l&#8217;avenir du commerce de d\u00e9tail sont sensoriels."}]},{"@type":"WebSite","@id":"https:\/\/personal-music.com\/#website","url":"https:\/\/personal-music.com\/","name":"Personal Music","description":"MUSIC MARKETING SERVICE","publisher":{"@id":"https:\/\/personal-music.com\/#organization"},"potentialAction":[{"@type":"SearchAction","target":{"@type":"EntryPoint","urlTemplate":"https:\/\/personal-music.com\/?s={search_term_string}"},"query-input":{"@type":"PropertyValueSpecification","valueRequired":true,"valueName":"search_term_string"}}],"inLanguage":"fr-FR"},{"@type":"Organization","@id":"https:\/\/personal-music.com\/#organization","name":"Personal Music","url":"https:\/\/personal-music.com\/","logo":{"@type":"ImageObject","inLanguage":"fr-FR","@id":"https:\/\/personal-music.com\/#\/schema\/logo\/image\/","url":"https:\/\/personal-music.com\/wp-content\/uploads\/2022\/02\/big_icon.jpeg","contentUrl":"https:\/\/personal-music.com\/wp-content\/uploads\/2022\/02\/big_icon.jpeg","width":512,"height":512,"caption":"Personal Music"},"image":{"@id":"https:\/\/personal-music.com\/#\/schema\/logo\/image\/"}},{"@type":"Person","@id":"https:\/\/personal-music.com\/#\/schema\/person\/f13f990453db8877f42df4fb30d688ec","name":"albert_personalmusic","image":{"@type":"ImageObject","inLanguage":"fr-FR","@id":"https:\/\/secure.gravatar.com\/avatar\/f9724f316b0b69b4ebcd5d4df5c29ec2e1a7b59082cf19664e24cccc1fda2347?s=96&d=mm&r=g","url":"https:\/\/secure.gravatar.com\/avatar\/f9724f316b0b69b4ebcd5d4df5c29ec2e1a7b59082cf19664e24cccc1fda2347?s=96&d=mm&r=g","contentUrl":"https:\/\/secure.gravatar.com\/avatar\/f9724f316b0b69b4ebcd5d4df5c29ec2e1a7b59082cf19664e24cccc1fda2347?s=96&d=mm&r=g","caption":"albert_personalmusic"},"sameAs":["https:\/\/personal-music.com"],"url":"https:\/\/personal-music.com\/fr\/author\/albert_personalmusic\/"}]}},"_links":{"self":[{"href":"https:\/\/personal-music.com\/fr\/wp-json\/wp\/v2\/posts\/1105","targetHints":{"allow":["GET"]}}],"collection":[{"href":"https:\/\/personal-music.com\/fr\/wp-json\/wp\/v2\/posts"}],"about":[{"href":"https:\/\/personal-music.com\/fr\/wp-json\/wp\/v2\/types\/post"}],"author":[{"embeddable":true,"href":"https:\/\/personal-music.com\/fr\/wp-json\/wp\/v2\/users\/1"}],"replies":[{"embeddable":true,"href":"https:\/\/personal-music.com\/fr\/wp-json\/wp\/v2\/comments?post=1105"}],"version-history":[{"count":1,"href":"https:\/\/personal-music.com\/fr\/wp-json\/wp\/v2\/posts\/1105\/revisions"}],"predecessor-version":[{"id":1106,"href":"https:\/\/personal-music.com\/fr\/wp-json\/wp\/v2\/posts\/1105\/revisions\/1106"}],"wp:featuredmedia":[{"embeddable":true,"href":"https:\/\/personal-music.com\/fr\/wp-json\/wp\/v2\/media\/1098"}],"wp:attachment":[{"href":"https:\/\/personal-music.com\/fr\/wp-json\/wp\/v2\/media?parent=1105"}],"wp:term":[{"taxonomy":"category","embeddable":true,"href":"https:\/\/personal-music.com\/fr\/wp-json\/wp\/v2\/categories?post=1105"},{"taxonomy":"post_tag","embeddable":true,"href":"https:\/\/personal-music.com\/fr\/wp-json\/wp\/v2\/tags?post=1105"}],"curies":[{"name":"wp","href":"https:\/\/api.w.org\/{rel}","templated":true}]}}